{"id":9460,"date":"2022-04-08T14:35:00","date_gmt":"2022-04-08T12:35:00","guid":{"rendered":"http:\/\/zdpk.krakow.pl\/zdpk2\/?p=9460"},"modified":"2022-04-08T15:08:01","modified_gmt":"2022-04-08T13:08:01","slug":"9460","status":"publish","type":"post","link":"https:\/\/zdpk.krakow.pl\/zdpk2\/blog\/2022\/04\/08\/9460\/","title":{"rendered":"Utrudnienia w miejscowo\u015bciach Micha\u0142owice i G\u00f3rna Wie\u015b"},"content":{"rendered":"\n<p>Zarz\u0105du Dr\u00f3g Powiatu Krakowskiego informuje, i\u017c w zwi\u0105zku z realizacj\u0105 zadania pn.: <strong>Przebudowa drogi powiatowej nr 2151K w miejscowo\u015bciach Micha\u0142owice i G\u00f3rna Wie\u015b<\/strong> w dniach 11-15.04.2022r. zostanie wprowadzona zmiana czasowej organizacji ruchu &#8211; <strong>zamkni\u0119cie drogi na czas asfaltowania<\/strong>.<\/p>\n<p>Podczas zamkni\u0119cia objazd b\u0119dzie si\u0119 odbywa\u0142 wg tymczasowej organizacji ruchu. Trasa objazdu w\u00a0za\u0142\u0105czeniu.<\/p>\n<ul>\n<li>w ramach zadania zostanie wykonana nowa nawierzchnia od P\u0119tli w G\u00f3rnej Wsi do ul. G\u00f3rnej<\/li>\n<li>oznakowanie zostanie wprowadzone w dniu 8.04.2022 r.<\/li>\n<li>prace prowadzone b\u0119d\u0105 w dniach 11-15.04.2022 r. w godzinach 8.00-19.00<\/li>\n<li>po zako\u0144czeniu prac ruch zostanie przywr\u00f3cony<\/li>\n<\/ul>\n<p>Osoba odpowiedzialna za oznakowanie: Kierownik Budowy &#8211; Grzegorz Pelc\u00a0<\/p>\n<p>Za zaistnia\u0142e utrudnienia przepraszamy i jednocze\u015bnie prosimy o stosowanie si\u0119 do tymczasowego oznakowania rob\u00f3t oraz o zachowanie szczeg\u00f3lnej ostro\u017cno\u015bci.<\/p>\n<p>Budujemy dla Was.<\/p>\n<p>\u00a0<\/p>\n\n\n\n<div class=\"wp-block-file\"><a href=\"http:\/\/zdpk.krakow.pl\/zdpk2\/wp-content\/uploads\/2022\/04\/tor_michalowice_zamkniecie.pdf\">Trasa objazdu (TOR)<\/a><a href=\"http:\/\/zdpk.krakow.pl\/zdpk2\/wp-content\/uploads\/2022\/04\/tor_michalowice_zamkniecie.pdf\" class=\"wp-block-file__button\" download>Pobierz<\/a><\/div>\n\n\n\n<div style=\"height:100px\" aria-hidden=\"true\" class=\"wp-block-spacer\"><\/div>\n","protected":false},"excerpt":{"rendered":"<p>Zarz\u0105du Dr\u00f3g Powiatu Krakowskiego informuje, i\u017c w zwi\u0105zku z realizacj\u0105 zadania pn.: Przebudowa drogi powiatowej nr 2151K w miejscowo\u015bciach Micha\u0142owice i G\u00f3rna Wie\u015b w dniach 11-15.04.2022r. zostanie wprowadzona zmiana czasowej organizacji ruchu &#8211; zamkni\u0119cie drogi na czas asfaltowania. Podczas zamkni\u0119cia objazd b\u0119dzie si\u0119 odbywa\u0142 wg tymczasowej organizacji ruchu. Trasa objazdu w\u00a0za\u0142\u0105czeniu. w ramach zadania zostanie [&hellip;]<\/p>\n","protected":false},"author":15,"featured_media":6295,"comment_status":"closed","ping_status":"closed","sticky":false,"template":"","format":"standard","meta":{"_editorskit_title_hidden":false,"_editorskit_reading_time":0,"_editorskit_is_block_options_detached":false,"_editorskit_block_options_position":"{}","_exactmetrics_skip_tracking":false,"_exactmetrics_sitenote_active":false,"_exactmetrics_sitenote_note":"","_exactmetrics_sitenote_category":0,"footnotes":""},"categories":[1,80],"tags":[],"class_list":["post-9460","post","type-post","status-publish","format-standard","has-post-thumbnail","hentry","category-aktualnosci","category-utrudnienia-czasowe"],"_links":{"self":[{"href":"https:\/\/zdpk.krakow.pl\/zdpk2\/wp-json\/wp\/v2\/posts\/9460","targetHints":{"allow":["GET"]}}],"collection":[{"href":"https:\/\/zdpk.krakow.pl\/zdpk2\/wp-json\/wp\/v2\/posts"}],"about":[{"href":"https:\/\/zdpk.krakow.pl\/zdpk2\/wp-json\/wp\/v2\/types\/post"}],"author":[{"embeddable":true,"href":"https:\/\/zdpk.krakow.pl\/zdpk2\/wp-json\/wp\/v2\/users\/15"}],"replies":[{"embeddable":true,"href":"https:\/\/zdpk.krakow.pl\/zdpk2\/wp-json\/wp\/v2\/comments?post=9460"}],"version-history":[{"count":7,"href":"https:\/\/zdpk.krakow.pl\/zdpk2\/wp-json\/wp\/v2\/posts\/9460\/revisions"}],"predecessor-version":[{"id":9476,"href":"https:\/\/zdpk.krakow.pl\/zdpk2\/wp-json\/wp\/v2\/posts\/9460\/revisions\/9476"}],"wp:featuredmedia":[{"embeddable":true,"href":"https:\/\/zdpk.krakow.pl\/zdpk2\/wp-json\/wp\/v2\/media\/6295"}],"wp:attachment":[{"href":"https:\/\/zdpk.krakow.pl\/zdpk2\/wp-json\/wp\/v2\/media?parent=9460"}],"wp:term":[{"taxonomy":"category","embeddable":true,"href":"https:\/\/zdpk.krakow.pl\/zdpk2\/wp-json\/wp\/v2\/categories?post=9460"},{"taxonomy":"post_tag","embeddable":true,"href":"https:\/\/zdpk.krakow.pl\/zdpk2\/wp-json\/wp\/v2\/tags?post=9460"}],"curies":[{"name":"wp","href":"https:\/\/api.w.org\/{rel}","templated":true}]}}