{"id":8733,"date":"2021-09-08T13:49:53","date_gmt":"2021-09-08T11:49:53","guid":{"rendered":"http:\/\/zdpk.krakow.pl\/zdpk2\/?p=8733"},"modified":"2021-09-08T13:56:32","modified_gmt":"2021-09-08T11:56:32","slug":"utrudnienia-w-ruchu-w-miejscowosciach-michalowice-i-gorna-wies-dp-2151k","status":"publish","type":"post","link":"https:\/\/zdpk.krakow.pl\/zdpk2\/blog\/2021\/09\/08\/utrudnienia-w-ruchu-w-miejscowosciach-michalowice-i-gorna-wies-dp-2151k\/","title":{"rendered":"Utrudnienia w ruchu w miejscowo\u015bciach Micha\u0142owice i G\u00f3rna Wie\u015b, DP nr 2151K"},"content":{"rendered":"\n<p>W zwi\u0105zku z realizacj\u0105 zadania pn.: \u201e<strong>Przebudowa drogi powiatowej Nr 2151K w miejscowo\u015bciach Micha\u0142owice i G\u00f3rna Wie\u015b<\/strong>\u201d Zarz\u0105d Dr\u00f3g Powiatu Krakowskiego informuje o mo\u017cliwych czasowych utrudnieniach komunikacyjnych polegaj\u0105cych na miejscowym zaw\u0119\u017ceniu jezdni drogi na ul.\u00a0Graniczna w miejscowo\u015bci Micha\u0142owice i G\u00f3rna Wie\u015b, w zwi\u0105zku z wprowadzeniem tymczasowej organizacji ruchu. Planowane rozpocz\u0119cie rob\u00f3t okre\u015blono na dzie\u0144 09.09.2021 r. (czwartek). Wykonawc\u0105 realizowanych rob\u00f3t jest firma COLAS Polska sp. z o.o., ul. Nowa 49, 62-070 Pal\u0119dzie.\u00a0<\/p>\n<p>Za zaistnia\u0142e utrudnienia przepraszamy i jednocze\u015bnie prosimy o stosowanie si\u0119 do tymczasowego oznakowania rob\u00f3t oraz o zachowanie szczeg\u00f3lnej ostro\u017cno\u015bci.<\/p>\n\n\n\n<figure class=\"wp-block-image size-full is-resized\"><img loading=\"lazy\" decoding=\"async\" src=\"http:\/\/zdpk.krakow.pl\/zdpk2\/wp-content\/uploads\/2021\/09\/utru_michalowice_2151k.png\" alt=\"Mapa z zaznaczonym miejscem prowadzenia rob\u00f3t\" class=\"wp-image-8734\" width=\"760\" height=\"473\" srcset=\"https:\/\/zdpk.krakow.pl\/zdpk2\/wp-content\/uploads\/2021\/09\/utru_michalowice_2151k.png 974w, https:\/\/zdpk.krakow.pl\/zdpk2\/wp-content\/uploads\/2021\/09\/utru_michalowice_2151k-300x187.png 300w, https:\/\/zdpk.krakow.pl\/zdpk2\/wp-content\/uploads\/2021\/09\/utru_michalowice_2151k-768x479.png 768w\" sizes=\"auto, (max-width: 760px) 100vw, 760px\" \/><figcaption>Miejsce prowadzenia rob\u00f3t<\/figcaption><\/figure>\n\n\n\n<div style=\"height:100px\" aria-hidden=\"true\" class=\"wp-block-spacer\"><\/div>\n","protected":false},"excerpt":{"rendered":"<p>W zwi\u0105zku z realizacj\u0105 zadania pn.: \u201ePrzebudowa drogi powiatowej Nr 2151K w miejscowo\u015bciach Micha\u0142owice i G\u00f3rna Wie\u015b\u201d Zarz\u0105d Dr\u00f3g Powiatu Krakowskiego informuje o mo\u017cliwych czasowych utrudnieniach komunikacyjnych polegaj\u0105cych na miejscowym zaw\u0119\u017ceniu jezdni drogi na ul.\u00a0Graniczna w miejscowo\u015bci Micha\u0142owice i G\u00f3rna Wie\u015b, w zwi\u0105zku z wprowadzeniem tymczasowej organizacji ruchu. Planowane rozpocz\u0119cie rob\u00f3t okre\u015blono na dzie\u0144 09.09.2021 [&hellip;]<\/p>\n","protected":false},"author":15,"featured_media":4952,"comment_status":"closed","ping_status":"closed","sticky":false,"template":"","format":"standard","meta":{"_editorskit_title_hidden":false,"_editorskit_reading_time":0,"_editorskit_is_block_options_detached":false,"_editorskit_block_options_position":"{}","_exactmetrics_skip_tracking":false,"_exactmetrics_sitenote_active":false,"_exactmetrics_sitenote_note":"","_exactmetrics_sitenote_category":0,"footnotes":""},"categories":[1,80],"tags":[],"class_list":["post-8733","post","type-post","status-publish","format-standard","has-post-thumbnail","hentry","category-aktualnosci","category-utrudnienia-czasowe"],"_links":{"self":[{"href":"https:\/\/zdpk.krakow.pl\/zdpk2\/wp-json\/wp\/v2\/posts\/8733","targetHints":{"allow":["GET"]}}],"collection":[{"href":"https:\/\/zdpk.krakow.pl\/zdpk2\/wp-json\/wp\/v2\/posts"}],"about":[{"href":"https:\/\/zdpk.krakow.pl\/zdpk2\/wp-json\/wp\/v2\/types\/post"}],"author":[{"embeddable":true,"href":"https:\/\/zdpk.krakow.pl\/zdpk2\/wp-json\/wp\/v2\/users\/15"}],"replies":[{"embeddable":true,"href":"https:\/\/zdpk.krakow.pl\/zdpk2\/wp-json\/wp\/v2\/comments?post=8733"}],"version-history":[{"count":10,"href":"https:\/\/zdpk.krakow.pl\/zdpk2\/wp-json\/wp\/v2\/posts\/8733\/revisions"}],"predecessor-version":[{"id":8748,"href":"https:\/\/zdpk.krakow.pl\/zdpk2\/wp-json\/wp\/v2\/posts\/8733\/revisions\/8748"}],"wp:featuredmedia":[{"embeddable":true,"href":"https:\/\/zdpk.krakow.pl\/zdpk2\/wp-json\/wp\/v2\/media\/4952"}],"wp:attachment":[{"href":"https:\/\/zdpk.krakow.pl\/zdpk2\/wp-json\/wp\/v2\/media?parent=8733"}],"wp:term":[{"taxonomy":"category","embeddable":true,"href":"https:\/\/zdpk.krakow.pl\/zdpk2\/wp-json\/wp\/v2\/categories?post=8733"},{"taxonomy":"post_tag","embeddable":true,"href":"https:\/\/zdpk.krakow.pl\/zdpk2\/wp-json\/wp\/v2\/tags?post=8733"}],"curies":[{"name":"wp","href":"https:\/\/api.w.org\/{rel}","templated":true}]}}