{"id":8717,"date":"2021-08-24T20:46:06","date_gmt":"2021-08-24T18:46:06","guid":{"rendered":"http:\/\/zdpk.krakow.pl\/zdpk2\/?p=8717"},"modified":"2022-03-30T18:20:55","modified_gmt":"2022-03-30T16:20:55","slug":"utrudnienia-remont-odcinka-dp-nr-2127k-ul-zbicka-w-krzeszowicach","status":"publish","type":"post","link":"https:\/\/zdpk.krakow.pl\/zdpk2\/blog\/2021\/08\/24\/utrudnienia-remont-odcinka-dp-nr-2127k-ul-zbicka-w-krzeszowicach\/","title":{"rendered":"Utrudnienia: remont odcinka drogi nr\u00a02127K (ul. \u017bbicka w Krzeszowicach)"},"content":{"rendered":"\n<p>&#8222;W dniach 21-27.08.2021 r. Zak\u0142ad Gospodarki Komunalnej Sp\u00f3\u0142ka z o. o. b\u0119dzie przeprowadza\u0142 na zlecenie Zarz\u0105du Dr\u00f3g Powiatu Krakowskiego remont odcinka drogi powiatowej nr 2127K &#8211; ul.\u00a0\u017bbicka w m. Krzeszowice \u2013 od skrzy\u017c. ul. Reymonta do skrzy\u017cowania z ul. Majow\u0105. Nast\u0105pi ca\u0142kowite zamkni\u0119cie drogi na czas asfaltowania. Podczas zamkni\u0119cia drogi objazd b\u0119dzie si\u0119 odbywa\u0142 wg tymczasowej organizacji ruchu \u2013 wg zakresu z za\u0142\u0105cznika\u201d. <br \/>Za czasowe utrudnienia przepraszamy.<\/p>\n\n\n\n<div data-wp-interactive=\"core\/file\" class=\"wp-block-file\"><a href=\"http:\/\/zdpk.krakow.pl\/zdpk2\/wp-content\/uploads\/2021\/08\/SOR_DP2127K_zbik2.pdf\">Projekt czasowej zmiany organizacji ruchu, ul. \u017bbicka w Krzeszowicach<\/a><a href=\"http:\/\/zdpk.krakow.pl\/zdpk2\/wp-content\/uploads\/2021\/08\/SOR_DP2127K_zbik2.pdf\" class=\"wp-block-file__button\" download>Pobierz<\/a><\/div>\n","protected":false},"excerpt":{"rendered":"<p>&#8222;W dniach 21-27.08.2021 r. Zak\u0142ad Gospodarki Komunalnej Sp\u00f3\u0142ka z o. o. b\u0119dzie przeprowadza\u0142 na zlecenie Zarz\u0105du Dr\u00f3g Powiatu Krakowskiego remont odcinka drogi powiatowej nr 2127K &#8211; ul.\u00a0\u017bbicka w m. Krzeszowice \u2013 od skrzy\u017c. ul. Reymonta do skrzy\u017cowania z ul. Majow\u0105. Nast\u0105pi ca\u0142kowite zamkni\u0119cie drogi na czas asfaltowania. Podczas zamkni\u0119cia drogi objazd b\u0119dzie si\u0119 odbywa\u0142 wg [&hellip;]<\/p>\n","protected":false},"author":15,"featured_media":6295,"comment_status":"closed","ping_status":"closed","sticky":false,"template":"","format":"standard","meta":{"_editorskit_title_hidden":false,"_editorskit_reading_time":0,"_editorskit_is_block_options_detached":false,"_editorskit_block_options_position":"{}","_exactmetrics_skip_tracking":false,"_exactmetrics_sitenote_active":false,"_exactmetrics_sitenote_note":"","_exactmetrics_sitenote_category":0,"footnotes":""},"categories":[1,80],"tags":[],"class_list":["post-8717","post","type-post","status-publish","format-standard","has-post-thumbnail","hentry","category-aktualnosci","category-utrudnienia-czasowe"],"_links":{"self":[{"href":"https:\/\/zdpk.krakow.pl\/zdpk2\/wp-json\/wp\/v2\/posts\/8717","targetHints":{"allow":["GET"]}}],"collection":[{"href":"https:\/\/zdpk.krakow.pl\/zdpk2\/wp-json\/wp\/v2\/posts"}],"about":[{"href":"https:\/\/zdpk.krakow.pl\/zdpk2\/wp-json\/wp\/v2\/types\/post"}],"author":[{"embeddable":true,"href":"https:\/\/zdpk.krakow.pl\/zdpk2\/wp-json\/wp\/v2\/users\/15"}],"replies":[{"embeddable":true,"href":"https:\/\/zdpk.krakow.pl\/zdpk2\/wp-json\/wp\/v2\/comments?post=8717"}],"version-history":[{"count":9,"href":"https:\/\/zdpk.krakow.pl\/zdpk2\/wp-json\/wp\/v2\/posts\/8717\/revisions"}],"predecessor-version":[{"id":9421,"href":"https:\/\/zdpk.krakow.pl\/zdpk2\/wp-json\/wp\/v2\/posts\/8717\/revisions\/9421"}],"wp:featuredmedia":[{"embeddable":true,"href":"https:\/\/zdpk.krakow.pl\/zdpk2\/wp-json\/wp\/v2\/media\/6295"}],"wp:attachment":[{"href":"https:\/\/zdpk.krakow.pl\/zdpk2\/wp-json\/wp\/v2\/media?parent=8717"}],"wp:term":[{"taxonomy":"category","embeddable":true,"href":"https:\/\/zdpk.krakow.pl\/zdpk2\/wp-json\/wp\/v2\/categories?post=8717"},{"taxonomy":"post_tag","embeddable":true,"href":"https:\/\/zdpk.krakow.pl\/zdpk2\/wp-json\/wp\/v2\/tags?post=8717"}],"curies":[{"name":"wp","href":"https:\/\/api.w.org\/{rel}","templated":true}]}}