{"id":8685,"date":"2021-08-11T09:45:16","date_gmt":"2021-08-11T07:45:16","guid":{"rendered":"http:\/\/zdpk.krakow.pl\/zdpk2\/?p=8685"},"modified":"2021-08-11T10:24:49","modified_gmt":"2021-08-11T08:24:49","slug":"remont-drogi-powiatowej-w-skawinie-ul-korabnicka","status":"publish","type":"post","link":"https:\/\/zdpk.krakow.pl\/zdpk2\/blog\/2021\/08\/11\/remont-drogi-powiatowej-w-skawinie-ul-korabnicka\/","title":{"rendered":"Remont drogi powiatowej w Skawinie ul. Korabnicka"},"content":{"rendered":"\n<p>W dniach 12 sierpnia (czwartek), 13 sierpnia (pi\u0105tek) oraz 14 sierpnia (sobota) 2021 roku <strong>Zak\u0142ad Gospodarki Komunalnej Sp\u00f3\u0142ka z o. o. <\/strong>b\u0119dzie przeprowadza\u0142 na zlecenie Zarz\u0105du Dr\u00f3g Powiatu Krakowskiego remont drogi powiatowej nr 2174K ul. Korabnicka w m. Skawina &#8211; wg zakresu z za\u0142\u0105cznika &#8211; od posesji nr 83 do skrzy\u017cowania z ulic\u0105 \u0141anowa i Wiklinowa.<\/p>\n<p>W dniu 12 sierpnia 2021 r. b\u0119dzie obowi\u0105zywa\u0142 ruch wahad\u0142owy, natomiast w dniach\u00a0<strong>13 sierpnia (pi\u0105tek) oraz <\/strong><strong>14 sierpnia 2021 r.<\/strong> <strong>(sobota) <span style=\"text-decoration: underline\"><span style=\"color: #ff0000;text-decoration: underline\">nast\u0105pi ca\u0142kowite zamkni\u0119cie drogi<\/span><\/span><\/strong> na czas asfaltowania. Podczas zamkni\u0119cia drogi objazd jest wyznaczony ulicami Wyspia\u0144skiego oraz Kopernika.<\/p>\n<p>Za czasowe utrudnienia przepraszamy.<\/p>\n<p><a href=\"http:\/\/zdpk.krakow.pl\/zdpk2\/wp-content\/uploads\/2021\/08\/TOR-remont-ul.-Korabnickiej.pdf\">TOR &#8211; remont ul. Korabnickiej<\/a><\/p>\n<p>\u00a0<\/p>\n","protected":false},"excerpt":{"rendered":"<p>W dniach 12 sierpnia (czwartek), 13 sierpnia (pi\u0105tek) oraz 14 sierpnia (sobota) 2021 roku Zak\u0142ad Gospodarki Komunalnej Sp\u00f3\u0142ka z o. o. b\u0119dzie przeprowadza\u0142 na zlecenie Zarz\u0105du Dr\u00f3g Powiatu Krakowskiego remont drogi powiatowej nr 2174K ul. Korabnicka w m. Skawina &#8211; wg zakresu z za\u0142\u0105cznika &#8211; od posesji nr 83 do skrzy\u017cowania z ulic\u0105 \u0141anowa i [&hellip;]<\/p>\n","protected":false},"author":21,"featured_media":6295,"comment_status":"closed","ping_status":"closed","sticky":false,"template":"","format":"standard","meta":{"_editorskit_title_hidden":false,"_editorskit_reading_time":0,"_editorskit_is_block_options_detached":false,"_editorskit_block_options_position":"{}","_exactmetrics_skip_tracking":false,"_exactmetrics_sitenote_active":false,"_exactmetrics_sitenote_note":"","_exactmetrics_sitenote_category":0,"footnotes":""},"categories":[6,1,80],"tags":[],"class_list":["post-8685","post","type-post","status-publish","format-standard","has-post-thumbnail","hentry","category-utrudnienia-w-ruchu","category-aktualnosci","category-utrudnienia-czasowe"],"_links":{"self":[{"href":"https:\/\/zdpk.krakow.pl\/zdpk2\/wp-json\/wp\/v2\/posts\/8685","targetHints":{"allow":["GET"]}}],"collection":[{"href":"https:\/\/zdpk.krakow.pl\/zdpk2\/wp-json\/wp\/v2\/posts"}],"about":[{"href":"https:\/\/zdpk.krakow.pl\/zdpk2\/wp-json\/wp\/v2\/types\/post"}],"author":[{"embeddable":true,"href":"https:\/\/zdpk.krakow.pl\/zdpk2\/wp-json\/wp\/v2\/users\/21"}],"replies":[{"embeddable":true,"href":"https:\/\/zdpk.krakow.pl\/zdpk2\/wp-json\/wp\/v2\/comments?post=8685"}],"version-history":[{"count":6,"href":"https:\/\/zdpk.krakow.pl\/zdpk2\/wp-json\/wp\/v2\/posts\/8685\/revisions"}],"predecessor-version":[{"id":8695,"href":"https:\/\/zdpk.krakow.pl\/zdpk2\/wp-json\/wp\/v2\/posts\/8685\/revisions\/8695"}],"wp:featuredmedia":[{"embeddable":true,"href":"https:\/\/zdpk.krakow.pl\/zdpk2\/wp-json\/wp\/v2\/media\/6295"}],"wp:attachment":[{"href":"https:\/\/zdpk.krakow.pl\/zdpk2\/wp-json\/wp\/v2\/media?parent=8685"}],"wp:term":[{"taxonomy":"category","embeddable":true,"href":"https:\/\/zdpk.krakow.pl\/zdpk2\/wp-json\/wp\/v2\/categories?post=8685"},{"taxonomy":"post_tag","embeddable":true,"href":"https:\/\/zdpk.krakow.pl\/zdpk2\/wp-json\/wp\/v2\/tags?post=8685"}],"curies":[{"name":"wp","href":"https:\/\/api.w.org\/{rel}","templated":true}]}}