{"id":8612,"date":"2021-06-30T08:08:23","date_gmt":"2021-06-30T06:08:23","guid":{"rendered":"http:\/\/zdpk.krakow.pl\/zdpk2\/?p=8612"},"modified":"2021-06-30T08:11:23","modified_gmt":"2021-06-30T06:11:23","slug":"utrudnienia-w-ruchu-w-miejscowosci-zagacie-dp-nr-2183k","status":"publish","type":"post","link":"https:\/\/zdpk.krakow.pl\/zdpk2\/blog\/2021\/06\/30\/utrudnienia-w-ruchu-w-miejscowosci-zagacie-dp-nr-2183k\/","title":{"rendered":"Utrudnienia w ruchu w miejscowo\u015bci Zagacie, DP nr 2183K"},"content":{"rendered":"\n<p>W zwi\u0105zku z realizacj\u0105 zadania pn.: <strong>\u201ePrzebudowa odcinka drogi powiatowej nr 2183K z budow\u0105 chodnika i\u00a0odwodnieniem w miejscowo\u015bci Zagacie\u201d<\/strong>, Zarz\u0105d Dr\u00f3g Powiatu Krakowskiego informuje o mo\u017cliwych czasowych utrudnieniach komunikacyjnych polegaj\u0105cych na miejscowym zaw\u0119\u017ceniu jezdni\u00a0 w miejscowo\u015bci Zagacie, w zwi\u0105zku z wprowadzeniem tymczasowej organizacji ruchu. Rozpocz\u0119cie rob\u00f3t okre\u015blono na dzie\u0144 28.06.2021 r. (poniedzia\u0142ek). Wykonawc\u0105 realizowanych rob\u00f3t jest Firma Berger Bau Polska Sp. z o.o.<\/p>\n<p>Za zaistnia\u0142e utrudnienia przepraszamy i jednocze\u015bnie prosimy o stosowanie si\u0119 do tymczasowego znakowania rob\u00f3t oraz o zachowanie szczeg\u00f3lnej ostro\u017cno\u015bci.<\/p>\n<p>\u00a0<\/p>\n\n\n\n<figure class=\"wp-block-image size-large\"><a href=\"http:\/\/zdpk.krakow.pl\/zdpk2\/wp-content\/uploads\/2021\/06\/Zagacie_2183k.png\"><img loading=\"lazy\" decoding=\"async\" width=\"1024\" height=\"565\" src=\"http:\/\/zdpk.krakow.pl\/zdpk2\/wp-content\/uploads\/2021\/06\/Zagacie_2183k-1024x565.png\" alt=\"\" class=\"wp-image-8613\" srcset=\"https:\/\/zdpk.krakow.pl\/zdpk2\/wp-content\/uploads\/2021\/06\/Zagacie_2183k-1024x565.png 1024w, https:\/\/zdpk.krakow.pl\/zdpk2\/wp-content\/uploads\/2021\/06\/Zagacie_2183k-300x165.png 300w, https:\/\/zdpk.krakow.pl\/zdpk2\/wp-content\/uploads\/2021\/06\/Zagacie_2183k-768x424.png 768w, https:\/\/zdpk.krakow.pl\/zdpk2\/wp-content\/uploads\/2021\/06\/Zagacie_2183k.png 1418w\" sizes=\"auto, (max-width: 1024px) 100vw, 1024px\" \/><\/a><\/figure>\n","protected":false},"excerpt":{"rendered":"<p>W zwi\u0105zku z realizacj\u0105 zadania pn.: \u201ePrzebudowa odcinka drogi powiatowej nr 2183K z budow\u0105 chodnika i\u00a0odwodnieniem w miejscowo\u015bci Zagacie\u201d, Zarz\u0105d Dr\u00f3g Powiatu Krakowskiego informuje o mo\u017cliwych czasowych utrudnieniach komunikacyjnych polegaj\u0105cych na miejscowym zaw\u0119\u017ceniu jezdni\u00a0 w miejscowo\u015bci Zagacie, w zwi\u0105zku z wprowadzeniem tymczasowej organizacji ruchu. Rozpocz\u0119cie rob\u00f3t okre\u015blono na dzie\u0144 28.06.2021 r. (poniedzia\u0142ek). Wykonawc\u0105 realizowanych rob\u00f3t [&hellip;]<\/p>\n","protected":false},"author":15,"featured_media":4952,"comment_status":"closed","ping_status":"closed","sticky":false,"template":"","format":"standard","meta":{"_editorskit_title_hidden":false,"_editorskit_reading_time":0,"_editorskit_is_block_options_detached":false,"_editorskit_block_options_position":"{}","_exactmetrics_skip_tracking":false,"_exactmetrics_sitenote_active":false,"_exactmetrics_sitenote_note":"","_exactmetrics_sitenote_category":0,"footnotes":""},"categories":[1,80],"tags":[],"class_list":["post-8612","post","type-post","status-publish","format-standard","has-post-thumbnail","hentry","category-aktualnosci","category-utrudnienia-czasowe"],"_links":{"self":[{"href":"https:\/\/zdpk.krakow.pl\/zdpk2\/wp-json\/wp\/v2\/posts\/8612","targetHints":{"allow":["GET"]}}],"collection":[{"href":"https:\/\/zdpk.krakow.pl\/zdpk2\/wp-json\/wp\/v2\/posts"}],"about":[{"href":"https:\/\/zdpk.krakow.pl\/zdpk2\/wp-json\/wp\/v2\/types\/post"}],"author":[{"embeddable":true,"href":"https:\/\/zdpk.krakow.pl\/zdpk2\/wp-json\/wp\/v2\/users\/15"}],"replies":[{"embeddable":true,"href":"https:\/\/zdpk.krakow.pl\/zdpk2\/wp-json\/wp\/v2\/comments?post=8612"}],"version-history":[{"count":4,"href":"https:\/\/zdpk.krakow.pl\/zdpk2\/wp-json\/wp\/v2\/posts\/8612\/revisions"}],"predecessor-version":[{"id":8619,"href":"https:\/\/zdpk.krakow.pl\/zdpk2\/wp-json\/wp\/v2\/posts\/8612\/revisions\/8619"}],"wp:featuredmedia":[{"embeddable":true,"href":"https:\/\/zdpk.krakow.pl\/zdpk2\/wp-json\/wp\/v2\/media\/4952"}],"wp:attachment":[{"href":"https:\/\/zdpk.krakow.pl\/zdpk2\/wp-json\/wp\/v2\/media?parent=8612"}],"wp:term":[{"taxonomy":"category","embeddable":true,"href":"https:\/\/zdpk.krakow.pl\/zdpk2\/wp-json\/wp\/v2\/categories?post=8612"},{"taxonomy":"post_tag","embeddable":true,"href":"https:\/\/zdpk.krakow.pl\/zdpk2\/wp-json\/wp\/v2\/tags?post=8612"}],"curies":[{"name":"wp","href":"https:\/\/api.w.org\/{rel}","templated":true}]}}