{"id":8596,"date":"2021-06-21T19:20:42","date_gmt":"2021-06-21T17:20:42","guid":{"rendered":"http:\/\/zdpk.krakow.pl\/zdpk2\/?p=8596"},"modified":"2021-06-21T19:25:26","modified_gmt":"2021-06-21T17:25:26","slug":"utrudnienia-w-ruchu-dp-2136k-w-m-wielmoza","status":"publish","type":"post","link":"https:\/\/zdpk.krakow.pl\/zdpk2\/blog\/2021\/06\/21\/utrudnienia-w-ruchu-dp-2136k-w-m-wielmoza\/","title":{"rendered":"Utrudnienia w ruchu w miejscowo\u015bci Wielmo\u017ca, DP nr 2136K"},"content":{"rendered":"\n<p>W zwi\u0105zku z realizacj\u0105 zadania pn.: <strong>\u201ePrzebudowa drogi powiatowej nr 2136K relacji Su\u0142oszowa \u2013 Wielmo\u017ca kol. D\u0142uga\u201d<\/strong> Zarz\u0105d Dr\u00f3g Powiatu Krakowskiego informuje o mo\u017cliwych czasowych utrudnieniach komunikacyjnych polegaj\u0105cych na miejscowym zaw\u0119\u017ceniu jezdni drogi na ul.\u00a0D\u0142ugiej w miejscowo\u015bci Wielmo\u017ca, w zwi\u0105zku z wprowadzeniem tymczasowej organizacji ruchu. Planowane rozpocz\u0119cie rob\u00f3t okre\u015blono na dzie\u0144\u00a0 24.06.2021 r. (czwartek). Wykonawc\u0105 realizowanych rob\u00f3t jest Firma Budowlana BRUKMAN Roman Staro\u0144 z Krzeszowic.<\/p>\n<p>Za zaistnia\u0142e utrudnienia przepraszamy i jednocze\u015bnie prosimy o stosowanie si\u0119 do tymczasowego oznakowania rob\u00f3t oraz o zachowanie szczeg\u00f3lnej ostro\u017cno\u015bci.<\/p>\n<p>\u00a0<\/p>\n\n\n\n<div class=\"wp-block-image\"><figure class=\"aligncenter size-large\"><img loading=\"lazy\" decoding=\"async\" width=\"599\" height=\"339\" src=\"http:\/\/zdpk.krakow.pl\/zdpk2\/wp-content\/uploads\/2021\/06\/wielmoza_2136k.png\" alt=\"\" class=\"wp-image-8597\" srcset=\"https:\/\/zdpk.krakow.pl\/zdpk2\/wp-content\/uploads\/2021\/06\/wielmoza_2136k.png 599w, https:\/\/zdpk.krakow.pl\/zdpk2\/wp-content\/uploads\/2021\/06\/wielmoza_2136k-300x170.png 300w\" sizes=\"auto, (max-width: 599px) 100vw, 599px\" \/><\/figure><\/div>\n","protected":false},"excerpt":{"rendered":"<p>W zwi\u0105zku z realizacj\u0105 zadania pn.: \u201ePrzebudowa drogi powiatowej nr 2136K relacji Su\u0142oszowa \u2013 Wielmo\u017ca kol. D\u0142uga\u201d Zarz\u0105d Dr\u00f3g Powiatu Krakowskiego informuje o mo\u017cliwych czasowych utrudnieniach komunikacyjnych polegaj\u0105cych na miejscowym zaw\u0119\u017ceniu jezdni drogi na ul.\u00a0D\u0142ugiej w miejscowo\u015bci Wielmo\u017ca, w zwi\u0105zku z wprowadzeniem tymczasowej organizacji ruchu. Planowane rozpocz\u0119cie rob\u00f3t okre\u015blono na dzie\u0144\u00a0 24.06.2021 r. (czwartek). Wykonawc\u0105 [&hellip;]<\/p>\n","protected":false},"author":15,"featured_media":4952,"comment_status":"closed","ping_status":"closed","sticky":false,"template":"","format":"standard","meta":{"_editorskit_title_hidden":false,"_editorskit_reading_time":0,"_editorskit_is_block_options_detached":false,"_editorskit_block_options_position":"{}","_exactmetrics_skip_tracking":false,"_exactmetrics_sitenote_active":false,"_exactmetrics_sitenote_note":"","_exactmetrics_sitenote_category":0,"footnotes":""},"categories":[1,80],"tags":[],"class_list":["post-8596","post","type-post","status-publish","format-standard","has-post-thumbnail","hentry","category-aktualnosci","category-utrudnienia-czasowe"],"_links":{"self":[{"href":"https:\/\/zdpk.krakow.pl\/zdpk2\/wp-json\/wp\/v2\/posts\/8596","targetHints":{"allow":["GET"]}}],"collection":[{"href":"https:\/\/zdpk.krakow.pl\/zdpk2\/wp-json\/wp\/v2\/posts"}],"about":[{"href":"https:\/\/zdpk.krakow.pl\/zdpk2\/wp-json\/wp\/v2\/types\/post"}],"author":[{"embeddable":true,"href":"https:\/\/zdpk.krakow.pl\/zdpk2\/wp-json\/wp\/v2\/users\/15"}],"replies":[{"embeddable":true,"href":"https:\/\/zdpk.krakow.pl\/zdpk2\/wp-json\/wp\/v2\/comments?post=8596"}],"version-history":[{"count":7,"href":"https:\/\/zdpk.krakow.pl\/zdpk2\/wp-json\/wp\/v2\/posts\/8596\/revisions"}],"predecessor-version":[{"id":8605,"href":"https:\/\/zdpk.krakow.pl\/zdpk2\/wp-json\/wp\/v2\/posts\/8596\/revisions\/8605"}],"wp:featuredmedia":[{"embeddable":true,"href":"https:\/\/zdpk.krakow.pl\/zdpk2\/wp-json\/wp\/v2\/media\/4952"}],"wp:attachment":[{"href":"https:\/\/zdpk.krakow.pl\/zdpk2\/wp-json\/wp\/v2\/media?parent=8596"}],"wp:term":[{"taxonomy":"category","embeddable":true,"href":"https:\/\/zdpk.krakow.pl\/zdpk2\/wp-json\/wp\/v2\/categories?post=8596"},{"taxonomy":"post_tag","embeddable":true,"href":"https:\/\/zdpk.krakow.pl\/zdpk2\/wp-json\/wp\/v2\/tags?post=8596"}],"curies":[{"name":"wp","href":"https:\/\/api.w.org\/{rel}","templated":true}]}}