{"id":8577,"date":"2021-06-21T08:46:56","date_gmt":"2021-06-21T06:46:56","guid":{"rendered":"http:\/\/zdpk.krakow.pl\/zdpk2\/?p=8577"},"modified":"2021-06-21T09:04:27","modified_gmt":"2021-06-21T07:04:27","slug":"zamkniecie-przejazdu-kolejowego-w-m-zastow-droga-powiatowa-nr-2293k","status":"publish","type":"post","link":"https:\/\/zdpk.krakow.pl\/zdpk2\/blog\/2021\/06\/21\/zamkniecie-przejazdu-kolejowego-w-m-zastow-droga-powiatowa-nr-2293k\/","title":{"rendered":"Zamkni\u0119cie dla ruchu ko\u0142owego drogi powiatowej nr 2293K w m. Zast\u00f3w"},"content":{"rendered":"\n<p>PKP PLK SA w dniu <strong>22 czerwca 2021 roku (wtorek) o godzinie 8:00<\/strong> planuje awaryjne zamkni\u0119cie przejazdu kolejowego (w ci\u0105gu ul. Ko\u015bciuszki w m. Zast\u00f3w, DP 2293K) gmina Kocmyrz\u00f3w &#8211; Luborzyca.<\/p>\n<p><a href=\"http:\/\/zdpk.krakow.pl\/zdpk2\/wp-content\/uploads\/2021\/06\/Zastow-zamkniecie-przejazdu.pdf\">Zast\u00f3w &#8211; zamkni\u0119cie przejazdu<\/a><\/p>\n<p>Zamkni\u0119cie drogi wynika z nag\u0142ego, awaryjnego uszkodzenia nawierzchni drogi kolejowej i drogowej w obr\u0119bie przejazdu kategorii 'B&#8217;, kt\u00f3re w efekcie spowodowa\u0142o zapadni\u0119cie si\u0119 toru kolejowego i nawierzchni drogowej\u00a0 oraz wymaga\u0142o wprowadzenia ograniczenia pr\u0119dko\u015bci przeje\u017cd\u017caj\u0105cych poci\u0105g\u00f3w z 110 km\/h do 50 km\/h.<\/p>\n<p>Ponowne otwarcie przejazdu kolejowego i drogi powiatowej nast\u0105pi w dniu <strong>25 czerwca 2021 roku (pi\u0105tek) o godzinie 15:00<\/strong>.<\/p>\n<p>Wyznaczono tras\u0119 objazdow\u0105 przez m. Kocmyrz\u00f3w, \u0141uczyce, Pielgrzymowice, Wiktorowice.<\/p>\n<p><a href=\"http:\/\/zdpk.krakow.pl\/zdpk2\/wp-content\/uploads\/2021\/06\/Zastow-objazd.pdf\">Zast\u00f3w &#8211; objazd<\/a><\/p>\n","protected":false},"excerpt":{"rendered":"<p>PKP PLK SA w dniu 22 czerwca 2021 roku (wtorek) o godzinie 8:00 planuje awaryjne zamkni\u0119cie przejazdu kolejowego (w ci\u0105gu ul. Ko\u015bciuszki w m. Zast\u00f3w, DP 2293K) gmina Kocmyrz\u00f3w &#8211; Luborzyca. Zast\u00f3w &#8211; zamkni\u0119cie przejazdu Zamkni\u0119cie drogi wynika z nag\u0142ego, awaryjnego uszkodzenia nawierzchni drogi kolejowej i drogowej w obr\u0119bie przejazdu kategorii 'B&#8217;, kt\u00f3re w efekcie [&hellip;]<\/p>\n","protected":false},"author":21,"featured_media":6295,"comment_status":"closed","ping_status":"closed","sticky":false,"template":"","format":"standard","meta":{"_editorskit_title_hidden":false,"_editorskit_reading_time":0,"_editorskit_is_block_options_detached":false,"_editorskit_block_options_position":"{}","_exactmetrics_skip_tracking":false,"_exactmetrics_sitenote_active":false,"_exactmetrics_sitenote_note":"","_exactmetrics_sitenote_category":0,"footnotes":""},"categories":[1,80],"tags":[],"class_list":["post-8577","post","type-post","status-publish","format-standard","has-post-thumbnail","hentry","category-aktualnosci","category-utrudnienia-czasowe"],"_links":{"self":[{"href":"https:\/\/zdpk.krakow.pl\/zdpk2\/wp-json\/wp\/v2\/posts\/8577","targetHints":{"allow":["GET"]}}],"collection":[{"href":"https:\/\/zdpk.krakow.pl\/zdpk2\/wp-json\/wp\/v2\/posts"}],"about":[{"href":"https:\/\/zdpk.krakow.pl\/zdpk2\/wp-json\/wp\/v2\/types\/post"}],"author":[{"embeddable":true,"href":"https:\/\/zdpk.krakow.pl\/zdpk2\/wp-json\/wp\/v2\/users\/21"}],"replies":[{"embeddable":true,"href":"https:\/\/zdpk.krakow.pl\/zdpk2\/wp-json\/wp\/v2\/comments?post=8577"}],"version-history":[{"count":10,"href":"https:\/\/zdpk.krakow.pl\/zdpk2\/wp-json\/wp\/v2\/posts\/8577\/revisions"}],"predecessor-version":[{"id":8594,"href":"https:\/\/zdpk.krakow.pl\/zdpk2\/wp-json\/wp\/v2\/posts\/8577\/revisions\/8594"}],"wp:featuredmedia":[{"embeddable":true,"href":"https:\/\/zdpk.krakow.pl\/zdpk2\/wp-json\/wp\/v2\/media\/6295"}],"wp:attachment":[{"href":"https:\/\/zdpk.krakow.pl\/zdpk2\/wp-json\/wp\/v2\/media?parent=8577"}],"wp:term":[{"taxonomy":"category","embeddable":true,"href":"https:\/\/zdpk.krakow.pl\/zdpk2\/wp-json\/wp\/v2\/categories?post=8577"},{"taxonomy":"post_tag","embeddable":true,"href":"https:\/\/zdpk.krakow.pl\/zdpk2\/wp-json\/wp\/v2\/tags?post=8577"}],"curies":[{"name":"wp","href":"https:\/\/api.w.org\/{rel}","templated":true}]}}