{"id":8373,"date":"2021-05-11T22:38:23","date_gmt":"2021-05-11T20:38:23","guid":{"rendered":"http:\/\/zdpk.krakow.pl\/zdpk2\/?p=8373"},"modified":"2021-05-11T22:43:17","modified_gmt":"2021-05-11T20:43:17","slug":"utrudnienia-w-ruchu-dp-2205k-ul-balicka-ul-krakowska","status":"publish","type":"post","link":"https:\/\/zdpk.krakow.pl\/zdpk2\/blog\/2021\/05\/11\/utrudnienia-w-ruchu-dp-2205k-ul-balicka-ul-krakowska\/","title":{"rendered":"Utrudnienia w ruchu DP 2205K w m. Rz\u0105ska i Szczyglice"},"content":{"rendered":"\n<p>Zarz\u0105d Dr\u00f3g Powiatu Krakowskiego informuje o czasowych utrudnieniach komunikacyjnych polegaj\u0105cych na ruchu wahad\u0142owym na ul. Balickiej w miejscowo\u015bci Rz\u0105ska oraz na ul. Krakowskiej w miejscowo\u015bci Szczyglice. Utrudnienia nast\u0105pi\u0105 w zwi\u0105zku z realizacj\u0105 zadania pn.:&#8221;<strong>Rozbudowa drogi powiatowej od granicy miasta Krakowa do skrzy\u017cowania z drog\u0105 wojew\u00f3dzk\u0105 w miejscowo\u015bci Balice przy autostradzie A4<\/strong>&#8221; oraz w zwi\u0105zku z wykonaniem rob\u00f3t naprawczych na wykonanej nawierzchni bitumicznej. Termin wykonywanych rob\u00f3t <strong>11-15 maja 2021 r.<\/strong><br>Zarz\u0105d Dr\u00f3g Powiatu Krakowskiego prosi o stosowanie si\u0119 do tymczasowego oznakowania rob\u00f3t oraz o zachowanie szczeg\u00f3lnej ostro\u017cno\u015bci na odcinku drogi obj\u0119tymi robotami budowlanymi.<\/p>\n\n\n\n<figure class=\"wp-block-image size-large\"><img loading=\"lazy\" decoding=\"async\" width=\"981\" height=\"621\" src=\"http:\/\/zdpk.krakow.pl\/zdpk2\/wp-content\/uploads\/2021\/05\/DP_2205K_balicka.png\" alt=\"\" class=\"wp-image-8374\" srcset=\"https:\/\/zdpk.krakow.pl\/zdpk2\/wp-content\/uploads\/2021\/05\/DP_2205K_balicka.png 981w, https:\/\/zdpk.krakow.pl\/zdpk2\/wp-content\/uploads\/2021\/05\/DP_2205K_balicka-300x190.png 300w, https:\/\/zdpk.krakow.pl\/zdpk2\/wp-content\/uploads\/2021\/05\/DP_2205K_balicka-768x486.png 768w\" sizes=\"auto, (max-width: 981px) 100vw, 981px\" \/><\/figure>\n","protected":false},"excerpt":{"rendered":"<p>Zarz\u0105d Dr\u00f3g Powiatu Krakowskiego informuje o czasowych utrudnieniach komunikacyjnych polegaj\u0105cych na ruchu wahad\u0142owym na ul. Balickiej w miejscowo\u015bci Rz\u0105ska oraz na ul. Krakowskiej w miejscowo\u015bci Szczyglice. Utrudnienia nast\u0105pi\u0105 w zwi\u0105zku z realizacj\u0105 zadania pn.:&#8221;Rozbudowa drogi powiatowej od granicy miasta Krakowa do skrzy\u017cowania z drog\u0105 wojew\u00f3dzk\u0105 w miejscowo\u015bci Balice przy autostradzie A4&#8221; oraz w zwi\u0105zku z [&hellip;]<\/p>\n","protected":false},"author":15,"featured_media":4952,"comment_status":"closed","ping_status":"closed","sticky":false,"template":"","format":"standard","meta":{"_editorskit_title_hidden":false,"_editorskit_reading_time":0,"_editorskit_is_block_options_detached":false,"_editorskit_block_options_position":"{}","_exactmetrics_skip_tracking":false,"_exactmetrics_sitenote_active":false,"_exactmetrics_sitenote_note":"","_exactmetrics_sitenote_category":0,"footnotes":""},"categories":[1,80],"tags":[],"class_list":["post-8373","post","type-post","status-publish","format-standard","has-post-thumbnail","hentry","category-aktualnosci","category-utrudnienia-czasowe"],"_links":{"self":[{"href":"https:\/\/zdpk.krakow.pl\/zdpk2\/wp-json\/wp\/v2\/posts\/8373","targetHints":{"allow":["GET"]}}],"collection":[{"href":"https:\/\/zdpk.krakow.pl\/zdpk2\/wp-json\/wp\/v2\/posts"}],"about":[{"href":"https:\/\/zdpk.krakow.pl\/zdpk2\/wp-json\/wp\/v2\/types\/post"}],"author":[{"embeddable":true,"href":"https:\/\/zdpk.krakow.pl\/zdpk2\/wp-json\/wp\/v2\/users\/15"}],"replies":[{"embeddable":true,"href":"https:\/\/zdpk.krakow.pl\/zdpk2\/wp-json\/wp\/v2\/comments?post=8373"}],"version-history":[{"count":4,"href":"https:\/\/zdpk.krakow.pl\/zdpk2\/wp-json\/wp\/v2\/posts\/8373\/revisions"}],"predecessor-version":[{"id":8380,"href":"https:\/\/zdpk.krakow.pl\/zdpk2\/wp-json\/wp\/v2\/posts\/8373\/revisions\/8380"}],"wp:featuredmedia":[{"embeddable":true,"href":"https:\/\/zdpk.krakow.pl\/zdpk2\/wp-json\/wp\/v2\/media\/4952"}],"wp:attachment":[{"href":"https:\/\/zdpk.krakow.pl\/zdpk2\/wp-json\/wp\/v2\/media?parent=8373"}],"wp:term":[{"taxonomy":"category","embeddable":true,"href":"https:\/\/zdpk.krakow.pl\/zdpk2\/wp-json\/wp\/v2\/categories?post=8373"},{"taxonomy":"post_tag","embeddable":true,"href":"https:\/\/zdpk.krakow.pl\/zdpk2\/wp-json\/wp\/v2\/tags?post=8373"}],"curies":[{"name":"wp","href":"https:\/\/api.w.org\/{rel}","templated":true}]}}