{"id":7988,"date":"2021-01-28T07:59:32","date_gmt":"2021-01-28T06:59:32","guid":{"rendered":"http:\/\/zdpk.krakow.pl\/zdpk2\/?p=7988"},"modified":"2021-01-31T17:03:01","modified_gmt":"2021-01-31T16:03:01","slug":"utrudnienia-w-ruchu-w-m-wrzasowice-ul-pileckiego","status":"publish","type":"post","link":"https:\/\/zdpk.krakow.pl\/zdpk2\/blog\/2021\/01\/28\/utrudnienia-w-ruchu-w-m-wrzasowice-ul-pileckiego\/","title":{"rendered":"Utrudnienia w ruchu w m. Wrz\u0105sowice ul. Pileckiego"},"content":{"rendered":"\n<p><img loading=\"lazy\" decoding=\"async\" class=\" wp-image-7997 alignleft\" src=\"http:\/\/zdpk.krakow.pl\/zdpk2\/wp-content\/uploads\/2021\/01\/IMG_20210126_091620-1024x768.jpg\" alt=\"\" width=\"351\" height=\"263\" srcset=\"https:\/\/zdpk.krakow.pl\/zdpk2\/wp-content\/uploads\/2021\/01\/IMG_20210126_091620-1024x768.jpg 1024w, https:\/\/zdpk.krakow.pl\/zdpk2\/wp-content\/uploads\/2021\/01\/IMG_20210126_091620-300x225.jpg 300w, https:\/\/zdpk.krakow.pl\/zdpk2\/wp-content\/uploads\/2021\/01\/IMG_20210126_091620-768x576.jpg 768w, https:\/\/zdpk.krakow.pl\/zdpk2\/wp-content\/uploads\/2021\/01\/IMG_20210126_091620-1536x1152.jpg 1536w, https:\/\/zdpk.krakow.pl\/zdpk2\/wp-content\/uploads\/2021\/01\/IMG_20210126_091620-2048x1536.jpg 2048w\" sizes=\"auto, (max-width: 351px) 100vw, 351px\" \/>W zwi\u0105zku z uszkodzeniem odcinka drogi powiatowej nr 2239K w miejscowo\u015bci Wrz\u0105sowice ul. Pileckiego wyst\u0105pi\u0142a konieczno\u015b\u0107 ustalenia ruchu wahad\u0142owego na odcinku 30 m kierowanego za pomoc\u0105 sygnalizacji \u015bwietlnej.<\/p>\n<p>Przewidywane utrudnienia b\u0119d\u0105 wyst\u0119powa\u0142y przez okres co najmniej 2 miesi\u0119cy.<\/p>\n","protected":false},"excerpt":{"rendered":"<p>W zwi\u0105zku z uszkodzeniem odcinka drogi powiatowej nr 2239K w miejscowo\u015bci Wrz\u0105sowice ul. Pileckiego wyst\u0105pi\u0142a konieczno\u015b\u0107 ustalenia ruchu wahad\u0142owego na odcinku 30 m kierowanego za pomoc\u0105 sygnalizacji \u015bwietlnej. Przewidywane utrudnienia b\u0119d\u0105 wyst\u0119powa\u0142y przez okres co najmniej 2 miesi\u0119cy.<\/p>\n","protected":false},"author":21,"featured_media":7973,"comment_status":"closed","ping_status":"closed","sticky":false,"template":"","format":"standard","meta":{"_editorskit_title_hidden":false,"_editorskit_reading_time":0,"_editorskit_is_block_options_detached":false,"_editorskit_block_options_position":"{}","_exactmetrics_skip_tracking":false,"_exactmetrics_sitenote_active":false,"_exactmetrics_sitenote_note":"","_exactmetrics_sitenote_category":0,"footnotes":""},"categories":[6,1,80],"tags":[],"class_list":["post-7988","post","type-post","status-publish","format-standard","has-post-thumbnail","hentry","category-utrudnienia-w-ruchu","category-aktualnosci","category-utrudnienia-czasowe"],"_links":{"self":[{"href":"https:\/\/zdpk.krakow.pl\/zdpk2\/wp-json\/wp\/v2\/posts\/7988","targetHints":{"allow":["GET"]}}],"collection":[{"href":"https:\/\/zdpk.krakow.pl\/zdpk2\/wp-json\/wp\/v2\/posts"}],"about":[{"href":"https:\/\/zdpk.krakow.pl\/zdpk2\/wp-json\/wp\/v2\/types\/post"}],"author":[{"embeddable":true,"href":"https:\/\/zdpk.krakow.pl\/zdpk2\/wp-json\/wp\/v2\/users\/21"}],"replies":[{"embeddable":true,"href":"https:\/\/zdpk.krakow.pl\/zdpk2\/wp-json\/wp\/v2\/comments?post=7988"}],"version-history":[{"count":4,"href":"https:\/\/zdpk.krakow.pl\/zdpk2\/wp-json\/wp\/v2\/posts\/7988\/revisions"}],"predecessor-version":[{"id":7998,"href":"https:\/\/zdpk.krakow.pl\/zdpk2\/wp-json\/wp\/v2\/posts\/7988\/revisions\/7998"}],"wp:featuredmedia":[{"embeddable":true,"href":"https:\/\/zdpk.krakow.pl\/zdpk2\/wp-json\/wp\/v2\/media\/7973"}],"wp:attachment":[{"href":"https:\/\/zdpk.krakow.pl\/zdpk2\/wp-json\/wp\/v2\/media?parent=7988"}],"wp:term":[{"taxonomy":"category","embeddable":true,"href":"https:\/\/zdpk.krakow.pl\/zdpk2\/wp-json\/wp\/v2\/categories?post=7988"},{"taxonomy":"post_tag","embeddable":true,"href":"https:\/\/zdpk.krakow.pl\/zdpk2\/wp-json\/wp\/v2\/tags?post=7988"}],"curies":[{"name":"wp","href":"https:\/\/api.w.org\/{rel}","templated":true}]}}