{"id":7800,"date":"2020-11-17T22:32:32","date_gmt":"2020-11-17T21:32:32","guid":{"rendered":"http:\/\/zdpk.krakow.pl\/zdpk2\/?p=7800"},"modified":"2020-11-18T08:32:28","modified_gmt":"2020-11-18T07:32:28","slug":"utrudnienia-w-w-miejscowosci-wolowice","status":"publish","type":"post","link":"https:\/\/zdpk.krakow.pl\/zdpk2\/blog\/2020\/11\/17\/utrudnienia-w-w-miejscowosci-wolowice\/","title":{"rendered":"Utrudnienia: Rozbudowa drogi nr\u00a02181K w miejscowo\u015bci Wo\u0142owice"},"content":{"rendered":"\n<p>W zwi\u0105zku z wykonywanym obecnie zadaniem pn.: <strong>\u201eRozbudowa drogi powiatowej nr 2181K w\u00a0miejscowo\u015bci Wo\u0142owice, gmina Czernich\u00f3w\u201d<\/strong>, Zarz\u0105d Dr\u00f3g Powiatu Krakowskiego informuje o\u00a0wprowadzeniu tymczasowej organizacji ruchu na odcinku gdzie prowadzone s\u0105 prace budowlane. Od dnia 23 listopada 2020 r. droga powiatowa nr 2181K b\u0119dzie zamkni\u0119ta dla ruchu. Nie odcinku inwestycyjnym nie b\u0119d\u0105 kursowa\u0107 autobusy MPK. W ich miejsce Wykonawca zapewni komunikacj\u0119 zast\u0119pcz\u0105. Poni\u017csze grafiki informuj\u0105 o objazdach.<\/p>\n<p>Za utrudnienia serdecznie przepraszamy. \u00a0\u00a0<\/p>\n\n\n\n<div class=\"wp-block-file\"><a href=\"http:\/\/zdpk.krakow.pl\/zdpk2\/wp-content\/uploads\/2020\/11\/Orientacja-etap-I-II-trasa-objazdow-A3.pdf\">Orientacja &#8211; etap I-II, trasa objazd\u00f3w, A3<\/a><a href=\"http:\/\/zdpk.krakow.pl\/zdpk2\/wp-content\/uploads\/2020\/11\/Orientacja-etap-I-II-trasa-objazdow-A3.pdf\" class=\"wp-block-file__button\" download>Pobierz<\/a><\/div>\n\n\n\n<div class=\"wp-block-file\"><a href=\"http:\/\/zdpk.krakow.pl\/zdpk2\/wp-content\/uploads\/2020\/11\/Orientacja-etap-III-IV-trasa-objazdow-A3.pdf\">Orientacja &#8211; etap III-IV, trasa objazd\u00f3w, A3<\/a><a href=\"http:\/\/zdpk.krakow.pl\/zdpk2\/wp-content\/uploads\/2020\/11\/Orientacja-etap-III-IV-trasa-objazdow-A3.pdf\" class=\"wp-block-file__button\" download>Pobierz<\/a><\/div>\n","protected":false},"excerpt":{"rendered":"<p>W zwi\u0105zku z wykonywanym obecnie zadaniem pn.: \u201eRozbudowa drogi powiatowej nr 2181K w\u00a0miejscowo\u015bci Wo\u0142owice, gmina Czernich\u00f3w\u201d, Zarz\u0105d Dr\u00f3g Powiatu Krakowskiego informuje o\u00a0wprowadzeniu tymczasowej organizacji ruchu na odcinku gdzie prowadzone s\u0105 prace budowlane. Od dnia 23 listopada 2020 r. droga powiatowa nr 2181K b\u0119dzie zamkni\u0119ta dla ruchu. Nie odcinku inwestycyjnym nie b\u0119d\u0105 kursowa\u0107 autobusy MPK. W [&hellip;]<\/p>\n","protected":false},"author":15,"featured_media":6295,"comment_status":"closed","ping_status":"closed","sticky":false,"template":"","format":"standard","meta":{"_editorskit_title_hidden":false,"_editorskit_reading_time":0,"_editorskit_is_block_options_detached":false,"_editorskit_block_options_position":"{}","_exactmetrics_skip_tracking":false,"_exactmetrics_sitenote_active":false,"_exactmetrics_sitenote_note":"","_exactmetrics_sitenote_category":0,"footnotes":""},"categories":[1,80],"tags":[],"class_list":["post-7800","post","type-post","status-publish","format-standard","has-post-thumbnail","hentry","category-aktualnosci","category-utrudnienia-czasowe"],"_links":{"self":[{"href":"https:\/\/zdpk.krakow.pl\/zdpk2\/wp-json\/wp\/v2\/posts\/7800","targetHints":{"allow":["GET"]}}],"collection":[{"href":"https:\/\/zdpk.krakow.pl\/zdpk2\/wp-json\/wp\/v2\/posts"}],"about":[{"href":"https:\/\/zdpk.krakow.pl\/zdpk2\/wp-json\/wp\/v2\/types\/post"}],"author":[{"embeddable":true,"href":"https:\/\/zdpk.krakow.pl\/zdpk2\/wp-json\/wp\/v2\/users\/15"}],"replies":[{"embeddable":true,"href":"https:\/\/zdpk.krakow.pl\/zdpk2\/wp-json\/wp\/v2\/comments?post=7800"}],"version-history":[{"count":4,"href":"https:\/\/zdpk.krakow.pl\/zdpk2\/wp-json\/wp\/v2\/posts\/7800\/revisions"}],"predecessor-version":[{"id":7806,"href":"https:\/\/zdpk.krakow.pl\/zdpk2\/wp-json\/wp\/v2\/posts\/7800\/revisions\/7806"}],"wp:featuredmedia":[{"embeddable":true,"href":"https:\/\/zdpk.krakow.pl\/zdpk2\/wp-json\/wp\/v2\/media\/6295"}],"wp:attachment":[{"href":"https:\/\/zdpk.krakow.pl\/zdpk2\/wp-json\/wp\/v2\/media?parent=7800"}],"wp:term":[{"taxonomy":"category","embeddable":true,"href":"https:\/\/zdpk.krakow.pl\/zdpk2\/wp-json\/wp\/v2\/categories?post=7800"},{"taxonomy":"post_tag","embeddable":true,"href":"https:\/\/zdpk.krakow.pl\/zdpk2\/wp-json\/wp\/v2\/tags?post=7800"}],"curies":[{"name":"wp","href":"https:\/\/api.w.org\/{rel}","templated":true}]}}