{"id":7614,"date":"2020-09-24T17:09:57","date_gmt":"2020-09-24T15:09:57","guid":{"rendered":"http:\/\/zdpk.krakow.pl\/zdpk2\/?p=7614"},"modified":"2020-11-04T18:35:17","modified_gmt":"2020-11-04T17:35:17","slug":"balice-szczyglice-zamkniecie-dla-ruchu-kolowego-ul-krakowskiej","status":"publish","type":"post","link":"https:\/\/zdpk.krakow.pl\/zdpk2\/blog\/2020\/09\/24\/balice-szczyglice-zamkniecie-dla-ruchu-kolowego-ul-krakowskiej\/","title":{"rendered":"Balice, Szczyglice \u2013 przed\u0142u\u017cenie zamkniecia dla ruchu ko\u0142owego"},"content":{"rendered":"\n<p>Zarz\u0105d Dr\u00f3g Powiatu Krakowskiego informuje o przed\u0142u\u017ceniu terminu zamkni\u0119cia odcinka drogi powiatowej w terminie do dnia 06.11.2020 r. <br \/>Zamkni\u0119cie pierwotnie planowane by\u0142o do dnia 12.10.2020 r. Zgodnie z informacj\u0105 poni\u017cej.<\/p>\n<p>W zwi\u0105zku z realizacj\u0105 zadania pn.: <strong>\u201eRozbudowa drogi powiatowej na odcinku od granicy miasta Krakowa do skrzy\u017cowania z droga wojew\u00f3dzk\u0105 w Balicach przy Autostradzie A4\u201d<\/strong> Zarz\u0105d Dr\u00f3g Powiatu Krakowskiego informuje o zamkni\u0119ciu odcinka drogi powiatowej w terminie <strong>od dnia 28.09.2020 \u2013 12.10.2020 r<\/strong>.<br \/>Poni\u017cej za\u0142\u0105czam trasy objazdu dla samochod\u00f3w do 10 t i powy\u017cej 10 t.<br \/>Za utrudnienia z g\u00f3ry przepraszamy.<\/p>\n\n\n\n<div class=\"wp-block-file\"><a href=\"http:\/\/zdpk.krakow.pl\/zdpk2\/wp-content\/uploads\/2020\/09\/schemat_objazd1.pdf\">Schemat objazdu dla samochod\u00f3w do 10t<\/a><a href=\"http:\/\/zdpk.krakow.pl\/zdpk2\/wp-content\/uploads\/2020\/09\/schemat_objazd1.pdf\" class=\"wp-block-file__button\" download>Pobierz<\/a><\/div>\n\n\n\n<div class=\"wp-block-file\"><a href=\"http:\/\/zdpk.krakow.pl\/zdpk2\/wp-content\/uploads\/2020\/09\/schemat10t1.pdf\">Schemat objazdu dla samochod\u00f3w powy\u017cej 10t<\/a><a href=\"http:\/\/zdpk.krakow.pl\/zdpk2\/wp-content\/uploads\/2020\/09\/schemat10t1.pdf\" class=\"wp-block-file__button\" download>Pobierz<\/a><\/div>\n\n\n","protected":false},"excerpt":{"rendered":"<p>Zarz\u0105d Dr\u00f3g Powiatu Krakowskiego informuje o przed\u0142u\u017ceniu terminu zamkni\u0119cia odcinka drogi powiatowej w terminie do dnia 06.11.2020 r. Zamkni\u0119cie pierwotnie planowane by\u0142o do dnia 12.10.2020 r. Zgodnie z informacj\u0105 poni\u017cej. W zwi\u0105zku z realizacj\u0105 zadania pn.: \u201eRozbudowa drogi powiatowej na odcinku od granicy miasta Krakowa do skrzy\u017cowania z droga wojew\u00f3dzk\u0105 w Balicach przy Autostradzie A4\u201d [&hellip;]<\/p>\n","protected":false},"author":15,"featured_media":6295,"comment_status":"closed","ping_status":"closed","sticky":false,"template":"","format":"standard","meta":{"_editorskit_title_hidden":false,"_editorskit_reading_time":0,"_editorskit_is_block_options_detached":false,"_editorskit_block_options_position":"{}","_exactmetrics_skip_tracking":false,"_exactmetrics_sitenote_active":false,"_exactmetrics_sitenote_note":"","_exactmetrics_sitenote_category":0,"footnotes":""},"categories":[1,80],"tags":[],"class_list":["post-7614","post","type-post","status-publish","format-standard","has-post-thumbnail","hentry","category-aktualnosci","category-utrudnienia-czasowe"],"_links":{"self":[{"href":"https:\/\/zdpk.krakow.pl\/zdpk2\/wp-json\/wp\/v2\/posts\/7614","targetHints":{"allow":["GET"]}}],"collection":[{"href":"https:\/\/zdpk.krakow.pl\/zdpk2\/wp-json\/wp\/v2\/posts"}],"about":[{"href":"https:\/\/zdpk.krakow.pl\/zdpk2\/wp-json\/wp\/v2\/types\/post"}],"author":[{"embeddable":true,"href":"https:\/\/zdpk.krakow.pl\/zdpk2\/wp-json\/wp\/v2\/users\/15"}],"replies":[{"embeddable":true,"href":"https:\/\/zdpk.krakow.pl\/zdpk2\/wp-json\/wp\/v2\/comments?post=7614"}],"version-history":[{"count":8,"href":"https:\/\/zdpk.krakow.pl\/zdpk2\/wp-json\/wp\/v2\/posts\/7614\/revisions"}],"predecessor-version":[{"id":7778,"href":"https:\/\/zdpk.krakow.pl\/zdpk2\/wp-json\/wp\/v2\/posts\/7614\/revisions\/7778"}],"wp:featuredmedia":[{"embeddable":true,"href":"https:\/\/zdpk.krakow.pl\/zdpk2\/wp-json\/wp\/v2\/media\/6295"}],"wp:attachment":[{"href":"https:\/\/zdpk.krakow.pl\/zdpk2\/wp-json\/wp\/v2\/media?parent=7614"}],"wp:term":[{"taxonomy":"category","embeddable":true,"href":"https:\/\/zdpk.krakow.pl\/zdpk2\/wp-json\/wp\/v2\/categories?post=7614"},{"taxonomy":"post_tag","embeddable":true,"href":"https:\/\/zdpk.krakow.pl\/zdpk2\/wp-json\/wp\/v2\/tags?post=7614"}],"curies":[{"name":"wp","href":"https:\/\/api.w.org\/{rel}","templated":true}]}}