{"id":524,"date":"2015-08-20T16:34:03","date_gmt":"2015-08-20T16:34:03","guid":{"rendered":""},"modified":"2018-01-08T15:39:56","modified_gmt":"2018-01-08T14:39:56","slug":"przebudowa-mostu-w-zelczynie","status":"publish","type":"post","link":"https:\/\/zdpk.krakow.pl\/zdpk2\/blog\/2015\/08\/20\/przebudowa-mostu-w-zelczynie\/","title":{"rendered":"Przebudowa mostu w Zelczynie"},"content":{"rendered":"<p><strong>Powiat Krakowski otrzyma\u0142 w 2015 r. dotacj\u0119 z bud\u017cetu pa\u0144stwa\u00a0 w wysoko\u015bci 1 012 298 z\u0142 na przebudow\u0119 mostu nad Kana\u0142em \u0141\u0105cza\u0144skim w ci\u0105gu drogi powiatowej nr 2178K w miejscowo\u015bci Zelczyna. W\u00a0czwartek 20 sierpnia 2015 r. zosta\u0142 przekazany plac budowy dla Wykonawcy. Planowany termin zako\u0144czenia przebudowy zosta\u0142 wyznaczony na dzie\u0144 30 listopada 2015 roku.<\/strong><\/p>\n<p>Przebudowa dotyczy mostu ramownicowego, jednoprz\u0119s\u0142owego ze wspornikami o d\u0142ugo\u015bci ca\u0142kowitej 64 metry o konstrukcji \u017celbetowej, monolitycznej z prz\u0119s\u0142em p\u0142ytowo \u2013 belkowym.<br \/>\nPrace budowlane b\u0119d\u0105 polega\u0142y na rozbi\u00f3rce ca\u0142ego wyposa\u017cenia mostu (nawierzchnia, balustrady, izolacja pozioma prz\u0119s\u0142a, elementy odwodnienia) i wykonaniu kompleksowego remontu konstrukcji no\u015bnej prz\u0119s\u0142a i filar\u00f3w, wykonaniu na istniej\u0105cym pomo\u015bcie drugiej p\u0142yty \u017celbetowej zespolonej z nim, a nast\u0119pnie wbudowaniu nowoczesnego wyposa\u017cenia. Belki \u017celbetowe w s\u0105siedztwie podp\u00f3r zostan\u0105 oklejone matami z w\u0142\u00f3kna w\u0119glowego.<br \/>\nPrzebudowa mostu ma na celu przywr\u00f3cenie w\u0142a\u015bciwego stanu technicznego mostu i\u00a0zwi\u0119kszenie jego trwa\u0142o\u015bci.<br \/>\nUtrudnienia w ruchu b\u0119d\u0105 dwuetapowe. W pierwszym etapie b\u0119dzie obowi\u0105zywa\u0142 ruch wahad\u0142owy kierowany sygnalizacj\u0105 \u015bwietln\u0105, w drugim nast\u0105pi ca\u0142kowite zamkni\u0119cie mostu i\u00a0wyznaczenie objazdu przez miejscowo\u015b\u0107 Skawina, Kopanka. Ruch pieszy b\u0119dzie zapewniony po obiekcie mostowym przez ca\u0142y czas budowy. Linia autobusowa nr 235 zostanie skr\u00f3cona.<\/p>\n","protected":false},"excerpt":{"rendered":"<p><a href=\"images\/informacje2\/przeb_most_w_zelczynie-550.jpg\"><img loading=\"lazy\" decoding=\"async\" src=\"images\/informacje2\/przeb_most_w_zelczynie-550.jpg\" alt=\"przeb most w zelczynie 550\" width=\"200\" height=\"150\" style=\"margin-top: 10px; margin-right: 15px; float: left;\" \/><\/a><strong>Powiat Krakowski otrzyma\u0142 w 2015 r. dotacj\u0119 z bud\u017cetu pa\u0144stwa&nbsp; w wysoko\u015bci 1 012 298 z\u0142 na przebudow\u0119 mostu nad Kana\u0142em \u0141\u0105cza\u0144skim w ci\u0105gu drogi powiatowej nr 2178K w miejscowo\u015bci Zelczyna. W&nbsp;czwartek 20 sierpnia 2015 r. zosta\u0142 przekazany plac budowy dla Wykonawcy. Planowany termin zako\u0144czenia przebudowy zosta\u0142 wyznaczony na dzie\u0144 30 listopada 2015 roku.<\/strong><\/p>\n","protected":false},"author":10,"featured_media":988,"comment_status":"open","ping_status":"open","sticky":false,"template":"","format":"standard","meta":{"_editorskit_title_hidden":false,"_editorskit_reading_time":0,"_editorskit_is_block_options_detached":false,"_editorskit_block_options_position":"{}","_exactmetrics_skip_tracking":false,"_exactmetrics_sitenote_active":false,"_exactmetrics_sitenote_note":"","_exactmetrics_sitenote_category":0,"footnotes":""},"categories":[37],"tags":[],"class_list":["post-524","post","type-post","status-publish","format-standard","has-post-thumbnail","hentry","category-informacje"],"_links":{"self":[{"href":"https:\/\/zdpk.krakow.pl\/zdpk2\/wp-json\/wp\/v2\/posts\/524","targetHints":{"allow":["GET"]}}],"collection":[{"href":"https:\/\/zdpk.krakow.pl\/zdpk2\/wp-json\/wp\/v2\/posts"}],"about":[{"href":"https:\/\/zdpk.krakow.pl\/zdpk2\/wp-json\/wp\/v2\/types\/post"}],"author":[{"embeddable":true,"href":"https:\/\/zdpk.krakow.pl\/zdpk2\/wp-json\/wp\/v2\/users\/10"}],"replies":[{"embeddable":true,"href":"https:\/\/zdpk.krakow.pl\/zdpk2\/wp-json\/wp\/v2\/comments?post=524"}],"version-history":[{"count":1,"href":"https:\/\/zdpk.krakow.pl\/zdpk2\/wp-json\/wp\/v2\/posts\/524\/revisions"}],"predecessor-version":[{"id":1910,"href":"https:\/\/zdpk.krakow.pl\/zdpk2\/wp-json\/wp\/v2\/posts\/524\/revisions\/1910"}],"wp:featuredmedia":[{"embeddable":true,"href":"https:\/\/zdpk.krakow.pl\/zdpk2\/wp-json\/wp\/v2\/media\/988"}],"wp:attachment":[{"href":"https:\/\/zdpk.krakow.pl\/zdpk2\/wp-json\/wp\/v2\/media?parent=524"}],"wp:term":[{"taxonomy":"category","embeddable":true,"href":"https:\/\/zdpk.krakow.pl\/zdpk2\/wp-json\/wp\/v2\/categories?post=524"},{"taxonomy":"post_tag","embeddable":true,"href":"https:\/\/zdpk.krakow.pl\/zdpk2\/wp-json\/wp\/v2\/tags?post=524"}],"curies":[{"name":"wp","href":"https:\/\/api.w.org\/{rel}","templated":true}]}}